{"id":295,"date":"2017-04-10T16:00:20","date_gmt":"2017-04-10T14:00:20","guid":{"rendered":"http:\/\/www.ll-ag.ch\/?p=295\/"},"modified":"2017-05-06T12:36:48","modified_gmt":"2017-05-06T10:36:48","slug":"demenagement","status":"publish","type":"post","link":"https:\/\/www.ll-ag.ch\/fr\/demenagement\/","title":{"rendered":"D\u00e9m\u00e9nagement"},"content":{"rendered":"<p>LL Ladenbau &amp; Lagertechnik AG s\u2019est \u00e9tabli en tant que maillon indispensable sur le march\u00e9 de l\u2019agencement de magasins.<br \/>\nNous nous sommes agrandis et avons install\u00e9 notre nouvel entrep\u00f4t et nos bureaux sur un site tr\u00e8s accessible aux v\u00e9hicules \u00e0 Littau\/Lucerne. Cette situation nous permet de satisfaire sans failles les hautes aux exigences de qualit\u00e9 de nos clients<\/p>\n<p>Voici notre nouvelle adresse :<br \/>\nLL Ladenbau &amp; Lagertechnik AG<br \/>\nStaldenhof 15<br \/>\n6014 Luzern<\/p>\n<p>Toutes les autres coordonn\u00e9es restent inchang\u00e9es.<\/p>\n","protected":false},"excerpt":{"rendered":"<p>LL Ladenbau &amp; Lagertechnik AG s\u2019est \u00e9tabli en tant que maillon indispensable sur le march\u00e9 de l\u2019agencement de magasins. Nous nous sommes agrandis et avons install\u00e9 notre nouvel entrep\u00f4t et nos bureaux sur un site tr\u00e8s accessible aux v\u00e9hicules \u00e0 Littau\/Lucerne. Cette situation nous permet de satisfaire sans failles les hautes aux exigences de qualit\u00e9 [&hellip;]<\/p>\n","protected":false},"author":1,"featured_media":18,"comment_status":"closed","ping_status":"closed","sticky":false,"template":"","format":"standard","meta":{"footnotes":""},"categories":[12],"tags":[],"class_list":["post-295","post","type-post","status-publish","format-standard","has-post-thumbnail","hentry","category-entreprise"],"yoast_head":"<!-- This site is optimized with the Yoast SEO plugin v27.4 - https:\/\/yoast.com\/product\/yoast-seo-wordpress\/ -->\n<title>D\u00e9m\u00e9nagement - Ladenbau und Lagertechnik AG<\/title>\n<meta name=\"robots\" content=\"index, follow, max-snippet:-1, max-image-preview:large, max-video-preview:-1\" \/>\n<link rel=\"canonical\" href=\"https:\/\/www.ll-ag.ch\/fr\/demenagement\/\" \/>\n<meta property=\"og:locale\" content=\"fr_FR\" \/>\n<meta property=\"og:type\" content=\"article\" \/>\n<meta property=\"og:title\" content=\"D\u00e9m\u00e9nagement - Ladenbau und Lagertechnik AG\" \/>\n<meta property=\"og:description\" content=\"LL Ladenbau &amp; Lagertechnik AG s\u2019est \u00e9tabli en tant que maillon indispensable sur le march\u00e9 de l\u2019agencement de magasins. Nous nous sommes agrandis et avons install\u00e9 notre nouvel entrep\u00f4t et nos bureaux sur un site tr\u00e8s accessible aux v\u00e9hicules \u00e0 Littau\/Lucerne. Cette situation nous permet de satisfaire sans failles les hautes aux exigences de qualit\u00e9 [&hellip;]\" \/>\n<meta property=\"og:url\" content=\"https:\/\/www.ll-ag.ch\/fr\/demenagement\/\" \/>\n<meta property=\"og:site_name\" content=\"Ladenbau und Lagertechnik AG\" \/>\n<meta property=\"article:published_time\" content=\"2017-04-10T14:00:20+00:00\" \/>\n<meta property=\"article:modified_time\" content=\"2017-05-06T10:36:48+00:00\" \/>\n<meta property=\"og:image\" content=\"https:\/\/www.ll-ag.ch\/webseite\/wp-content\/uploads\/2016\/10\/stockfoto-10.jpg\" \/>\n\t<meta property=\"og:image:width\" content=\"3000\" \/>\n\t<meta property=\"og:image:height\" content=\"2000\" \/>\n\t<meta property=\"og:image:type\" content=\"image\/jpeg\" \/>\n<meta name=\"author\" content=\"mah matt\" \/>\n<meta name=\"twitter:card\" content=\"summary_large_image\" \/>\n<meta name=\"twitter:label1\" content=\"Verfasst von\" \/>\n\t<meta name=\"twitter:data1\" content=\"mah matt\" \/>\n<script type=\"application\/ld+json\" class=\"yoast-schema-graph\">{\"@context\":\"https:\\\/\\\/schema.org\",\"@graph\":[{\"@type\":\"Article\",\"@id\":\"https:\\\/\\\/www.ll-ag.ch\\\/fr\\\/demenagement\\\/#article\",\"isPartOf\":{\"@id\":\"https:\\\/\\\/www.ll-ag.ch\\\/fr\\\/demenagement\\\/\"},\"author\":{\"name\":\"mah matt\",\"@id\":\"https:\\\/\\\/www.ll-ag.ch\\\/#\\\/schema\\\/person\\\/b81ecc78c2b7a98b6e3ccd9f9f119f5a\"},\"headline\":\"D\u00e9m\u00e9nagement\",\"datePublished\":\"2017-04-10T14:00:20+00:00\",\"dateModified\":\"2017-05-06T10:36:48+00:00\",\"mainEntityOfPage\":{\"@id\":\"https:\\\/\\\/www.ll-ag.ch\\\/fr\\\/demenagement\\\/\"},\"wordCount\":85,\"publisher\":{\"@id\":\"https:\\\/\\\/www.ll-ag.ch\\\/#organization\"},\"image\":{\"@id\":\"https:\\\/\\\/www.ll-ag.ch\\\/fr\\\/demenagement\\\/#primaryimage\"},\"thumbnailUrl\":\"https:\\\/\\\/www.ll-ag.ch\\\/webseite\\\/wp-content\\\/uploads\\\/2016\\\/10\\\/stockfoto-10.jpg\",\"articleSection\":[\"Entreprise\"],\"inLanguage\":\"de\"},{\"@type\":\"WebPage\",\"@id\":\"https:\\\/\\\/www.ll-ag.ch\\\/fr\\\/demenagement\\\/\",\"url\":\"https:\\\/\\\/www.ll-ag.ch\\\/fr\\\/demenagement\\\/\",\"name\":\"D\u00e9m\u00e9nagement - Ladenbau und Lagertechnik AG\",\"isPartOf\":{\"@id\":\"https:\\\/\\\/www.ll-ag.ch\\\/#website\"},\"primaryImageOfPage\":{\"@id\":\"https:\\\/\\\/www.ll-ag.ch\\\/fr\\\/demenagement\\\/#primaryimage\"},\"image\":{\"@id\":\"https:\\\/\\\/www.ll-ag.ch\\\/fr\\\/demenagement\\\/#primaryimage\"},\"thumbnailUrl\":\"https:\\\/\\\/www.ll-ag.ch\\\/webseite\\\/wp-content\\\/uploads\\\/2016\\\/10\\\/stockfoto-10.jpg\",\"datePublished\":\"2017-04-10T14:00:20+00:00\",\"dateModified\":\"2017-05-06T10:36:48+00:00\",\"breadcrumb\":{\"@id\":\"https:\\\/\\\/www.ll-ag.ch\\\/fr\\\/demenagement\\\/#breadcrumb\"},\"inLanguage\":\"de\",\"potentialAction\":[{\"@type\":\"ReadAction\",\"target\":[\"https:\\\/\\\/www.ll-ag.ch\\\/fr\\\/demenagement\\\/\"]}]},{\"@type\":\"ImageObject\",\"inLanguage\":\"de\",\"@id\":\"https:\\\/\\\/www.ll-ag.ch\\\/fr\\\/demenagement\\\/#primaryimage\",\"url\":\"https:\\\/\\\/www.ll-ag.ch\\\/webseite\\\/wp-content\\\/uploads\\\/2016\\\/10\\\/stockfoto-10.jpg\",\"contentUrl\":\"https:\\\/\\\/www.ll-ag.ch\\\/webseite\\\/wp-content\\\/uploads\\\/2016\\\/10\\\/stockfoto-10.jpg\",\"width\":3000,\"height\":2000},{\"@type\":\"BreadcrumbList\",\"@id\":\"https:\\\/\\\/www.ll-ag.ch\\\/fr\\\/demenagement\\\/#breadcrumb\",\"itemListElement\":[{\"@type\":\"ListItem\",\"position\":1,\"name\":\"Startseite\",\"item\":\"https:\\\/\\\/www.ll-ag.ch\\\/fr\\\/\"},{\"@type\":\"ListItem\",\"position\":2,\"name\":\"D\u00e9m\u00e9nagement\"}]},{\"@type\":\"WebSite\",\"@id\":\"https:\\\/\\\/www.ll-ag.ch\\\/#website\",\"url\":\"https:\\\/\\\/www.ll-ag.ch\\\/\",\"name\":\"Ladenbau und Lagertechnik AG\",\"description\":\"Wir r\u00fccken Ihre Produkte ins richtige Licht\",\"publisher\":{\"@id\":\"https:\\\/\\\/www.ll-ag.ch\\\/#organization\"},\"potentialAction\":[{\"@type\":\"SearchAction\",\"target\":{\"@type\":\"EntryPoint\",\"urlTemplate\":\"https:\\\/\\\/www.ll-ag.ch\\\/?s={search_term_string}\"},\"query-input\":{\"@type\":\"PropertyValueSpecification\",\"valueRequired\":true,\"valueName\":\"search_term_string\"}}],\"inLanguage\":\"de\"},{\"@type\":\"Organization\",\"@id\":\"https:\\\/\\\/www.ll-ag.ch\\\/#organization\",\"name\":\"Ladenbau und Lagertechnik AG\",\"url\":\"https:\\\/\\\/www.ll-ag.ch\\\/\",\"logo\":{\"@type\":\"ImageObject\",\"inLanguage\":\"de\",\"@id\":\"https:\\\/\\\/www.ll-ag.ch\\\/#\\\/schema\\\/logo\\\/image\\\/\",\"url\":\"https:\\\/\\\/www.ll-ag.ch\\\/webseite\\\/wp-content\\\/uploads\\\/2017\\\/06\\\/logo-favicon.png\",\"contentUrl\":\"https:\\\/\\\/www.ll-ag.ch\\\/webseite\\\/wp-content\\\/uploads\\\/2017\\\/06\\\/logo-favicon.png\",\"width\":468,\"height\":468,\"caption\":\"Ladenbau und Lagertechnik AG\"},\"image\":{\"@id\":\"https:\\\/\\\/www.ll-ag.ch\\\/#\\\/schema\\\/logo\\\/image\\\/\"}},{\"@type\":\"Person\",\"@id\":\"https:\\\/\\\/www.ll-ag.ch\\\/#\\\/schema\\\/person\\\/b81ecc78c2b7a98b6e3ccd9f9f119f5a\",\"name\":\"mah matt\",\"image\":{\"@type\":\"ImageObject\",\"inLanguage\":\"de\",\"@id\":\"https:\\\/\\\/secure.gravatar.com\\\/avatar\\\/5ac208422f20c3215f4431af57cabcd0ccf1209f5ba1e1c9388f51d4c76138a4?s=96&d=mm&r=g\",\"url\":\"https:\\\/\\\/secure.gravatar.com\\\/avatar\\\/5ac208422f20c3215f4431af57cabcd0ccf1209f5ba1e1c9388f51d4c76138a4?s=96&d=mm&r=g\",\"contentUrl\":\"https:\\\/\\\/secure.gravatar.com\\\/avatar\\\/5ac208422f20c3215f4431af57cabcd0ccf1209f5ba1e1c9388f51d4c76138a4?s=96&d=mm&r=g\",\"caption\":\"mah matt\"},\"url\":\"https:\\\/\\\/www.ll-ag.ch\\\/fr\\\/author\\\/matthias\\\/\"}]}<\/script>\n<!-- \/ Yoast SEO plugin. -->","yoast_head_json":{"title":"D\u00e9m\u00e9nagement - Ladenbau und Lagertechnik AG","robots":{"index":"index","follow":"follow","max-snippet":"max-snippet:-1","max-image-preview":"max-image-preview:large","max-video-preview":"max-video-preview:-1"},"canonical":"https:\/\/www.ll-ag.ch\/fr\/demenagement\/","og_locale":"fr_FR","og_type":"article","og_title":"D\u00e9m\u00e9nagement - Ladenbau und Lagertechnik AG","og_description":"LL Ladenbau &amp; Lagertechnik AG s\u2019est \u00e9tabli en tant que maillon indispensable sur le march\u00e9 de l\u2019agencement de magasins. Nous nous sommes agrandis et avons install\u00e9 notre nouvel entrep\u00f4t et nos bureaux sur un site tr\u00e8s accessible aux v\u00e9hicules \u00e0 Littau\/Lucerne. Cette situation nous permet de satisfaire sans failles les hautes aux exigences de qualit\u00e9 [&hellip;]","og_url":"https:\/\/www.ll-ag.ch\/fr\/demenagement\/","og_site_name":"Ladenbau und Lagertechnik AG","article_published_time":"2017-04-10T14:00:20+00:00","article_modified_time":"2017-05-06T10:36:48+00:00","og_image":[{"width":3000,"height":2000,"url":"https:\/\/www.ll-ag.ch\/webseite\/wp-content\/uploads\/2016\/10\/stockfoto-10.jpg","type":"image\/jpeg"}],"author":"mah matt","twitter_card":"summary_large_image","twitter_misc":{"Verfasst von":"mah matt"},"schema":{"@context":"https:\/\/schema.org","@graph":[{"@type":"Article","@id":"https:\/\/www.ll-ag.ch\/fr\/demenagement\/#article","isPartOf":{"@id":"https:\/\/www.ll-ag.ch\/fr\/demenagement\/"},"author":{"name":"mah matt","@id":"https:\/\/www.ll-ag.ch\/#\/schema\/person\/b81ecc78c2b7a98b6e3ccd9f9f119f5a"},"headline":"D\u00e9m\u00e9nagement","datePublished":"2017-04-10T14:00:20+00:00","dateModified":"2017-05-06T10:36:48+00:00","mainEntityOfPage":{"@id":"https:\/\/www.ll-ag.ch\/fr\/demenagement\/"},"wordCount":85,"publisher":{"@id":"https:\/\/www.ll-ag.ch\/#organization"},"image":{"@id":"https:\/\/www.ll-ag.ch\/fr\/demenagement\/#primaryimage"},"thumbnailUrl":"https:\/\/www.ll-ag.ch\/webseite\/wp-content\/uploads\/2016\/10\/stockfoto-10.jpg","articleSection":["Entreprise"],"inLanguage":"de"},{"@type":"WebPage","@id":"https:\/\/www.ll-ag.ch\/fr\/demenagement\/","url":"https:\/\/www.ll-ag.ch\/fr\/demenagement\/","name":"D\u00e9m\u00e9nagement - Ladenbau und Lagertechnik AG","isPartOf":{"@id":"https:\/\/www.ll-ag.ch\/#website"},"primaryImageOfPage":{"@id":"https:\/\/www.ll-ag.ch\/fr\/demenagement\/#primaryimage"},"image":{"@id":"https:\/\/www.ll-ag.ch\/fr\/demenagement\/#primaryimage"},"thumbnailUrl":"https:\/\/www.ll-ag.ch\/webseite\/wp-content\/uploads\/2016\/10\/stockfoto-10.jpg","datePublished":"2017-04-10T14:00:20+00:00","dateModified":"2017-05-06T10:36:48+00:00","breadcrumb":{"@id":"https:\/\/www.ll-ag.ch\/fr\/demenagement\/#breadcrumb"},"inLanguage":"de","potentialAction":[{"@type":"ReadAction","target":["https:\/\/www.ll-ag.ch\/fr\/demenagement\/"]}]},{"@type":"ImageObject","inLanguage":"de","@id":"https:\/\/www.ll-ag.ch\/fr\/demenagement\/#primaryimage","url":"https:\/\/www.ll-ag.ch\/webseite\/wp-content\/uploads\/2016\/10\/stockfoto-10.jpg","contentUrl":"https:\/\/www.ll-ag.ch\/webseite\/wp-content\/uploads\/2016\/10\/stockfoto-10.jpg","width":3000,"height":2000},{"@type":"BreadcrumbList","@id":"https:\/\/www.ll-ag.ch\/fr\/demenagement\/#breadcrumb","itemListElement":[{"@type":"ListItem","position":1,"name":"Startseite","item":"https:\/\/www.ll-ag.ch\/fr\/"},{"@type":"ListItem","position":2,"name":"D\u00e9m\u00e9nagement"}]},{"@type":"WebSite","@id":"https:\/\/www.ll-ag.ch\/#website","url":"https:\/\/www.ll-ag.ch\/","name":"Ladenbau und Lagertechnik AG","description":"Wir r\u00fccken Ihre Produkte ins richtige Licht","publisher":{"@id":"https:\/\/www.ll-ag.ch\/#organization"},"potentialAction":[{"@type":"SearchAction","target":{"@type":"EntryPoint","urlTemplate":"https:\/\/www.ll-ag.ch\/?s={search_term_string}"},"query-input":{"@type":"PropertyValueSpecification","valueRequired":true,"valueName":"search_term_string"}}],"inLanguage":"de"},{"@type":"Organization","@id":"https:\/\/www.ll-ag.ch\/#organization","name":"Ladenbau und Lagertechnik AG","url":"https:\/\/www.ll-ag.ch\/","logo":{"@type":"ImageObject","inLanguage":"de","@id":"https:\/\/www.ll-ag.ch\/#\/schema\/logo\/image\/","url":"https:\/\/www.ll-ag.ch\/webseite\/wp-content\/uploads\/2017\/06\/logo-favicon.png","contentUrl":"https:\/\/www.ll-ag.ch\/webseite\/wp-content\/uploads\/2017\/06\/logo-favicon.png","width":468,"height":468,"caption":"Ladenbau und Lagertechnik AG"},"image":{"@id":"https:\/\/www.ll-ag.ch\/#\/schema\/logo\/image\/"}},{"@type":"Person","@id":"https:\/\/www.ll-ag.ch\/#\/schema\/person\/b81ecc78c2b7a98b6e3ccd9f9f119f5a","name":"mah matt","image":{"@type":"ImageObject","inLanguage":"de","@id":"https:\/\/secure.gravatar.com\/avatar\/5ac208422f20c3215f4431af57cabcd0ccf1209f5ba1e1c9388f51d4c76138a4?s=96&d=mm&r=g","url":"https:\/\/secure.gravatar.com\/avatar\/5ac208422f20c3215f4431af57cabcd0ccf1209f5ba1e1c9388f51d4c76138a4?s=96&d=mm&r=g","contentUrl":"https:\/\/secure.gravatar.com\/avatar\/5ac208422f20c3215f4431af57cabcd0ccf1209f5ba1e1c9388f51d4c76138a4?s=96&d=mm&r=g","caption":"mah matt"},"url":"https:\/\/www.ll-ag.ch\/fr\/author\/matthias\/"}]}},"_links":{"self":[{"href":"https:\/\/www.ll-ag.ch\/fr\/wp-json\/wp\/v2\/posts\/295\/"}],"collection":[{"href":"https:\/\/www.ll-ag.ch\/fr\/wp-json\/wp\/v2\/posts\/"}],"about":[{"href":"https:\/\/www.ll-ag.ch\/fr\/wp-json\/wp\/v2\/types\/post\/"}],"author":[{"embeddable":true,"href":"https:\/\/www.ll-ag.ch\/fr\/wp-json\/wp\/v2\/users\/1\/"}],"replies":[{"embeddable":true,"href":"https:\/\/www.ll-ag.ch\/fr\/wp-json\/wp\/v2\/comments\/?post=295"}],"version-history":[{"count":6,"href":"https:\/\/www.ll-ag.ch\/fr\/wp-json\/wp\/v2\/posts\/295\/revisions\/"}],"predecessor-version":[{"id":326,"href":"https:\/\/www.ll-ag.ch\/fr\/wp-json\/wp\/v2\/posts\/295\/revisions\/326\/"}],"wp:featuredmedia":[{"embeddable":true,"href":"https:\/\/www.ll-ag.ch\/fr\/wp-json\/wp\/v2\/media\/18\/"}],"wp:attachment":[{"href":"https:\/\/www.ll-ag.ch\/fr\/wp-json\/wp\/v2\/media\/?parent=295"}],"wp:term":[{"taxonomy":"category","embeddable":true,"href":"https:\/\/www.ll-ag.ch\/fr\/wp-json\/wp\/v2\/categories\/?post=295"},{"taxonomy":"post_tag","embeddable":true,"href":"https:\/\/www.ll-ag.ch\/fr\/wp-json\/wp\/v2\/tags\/?post=295"}],"curies":[{"name":"wp","href":"https:\/\/api.w.org\/{rel}","templated":true}]}}