{"id":386,"date":"2017-05-23T13:37:16","date_gmt":"2017-05-23T11:37:16","guid":{"rendered":"http:\/\/www.ll-ag.ch\/?p=386\/"},"modified":"2017-06-22T11:10:53","modified_gmt":"2017-06-22T09:10:53","slug":"le-sentiment-du-marche","status":"publish","type":"post","link":"https:\/\/www.ll-ag.ch\/fr\/le-sentiment-du-marche\/","title":{"rendered":"Le sentiment du march\u00e9"},"content":{"rendered":"<p>L\u2019attrait \u00e9motionnel des paloxes attirent in\u00e9vitablement l\u2019\u0153il du client sur l\u2019\u00e9talage. Le message : fra\u00eecheur et qualit\u00e9 sur le plus court chemin du producteur au consommateur. Le team cr\u00e9atif du service construction MIGROS \u00e0 Gen\u00e8ve a d\u00e9velopp\u00e9 ce porte-marchandise en ayant comme exigences de recr\u00e9er une ambiance de march\u00e9 et qu\u2019il soit facile \u00e0 utiliser. La Ladenbau &amp; Lagertechnik AG s\u2019est focalis\u00e9 sur ces requ\u00eates et les a concr\u00e9tis\u00e9es. Le r\u00e9sultat stimule le client et d\u00e9clenche l\u2019achat. \u00a0\u00a0\u00a0<\/p>\n<p>Les chiffres de ventes prouvent d\u00e9j\u00e0 son succ\u00e8s commercial.<\/p>\n","protected":false},"excerpt":{"rendered":"<p>L\u2019attrait \u00e9motionnel des paloxes attirent in\u00e9vitablement l\u2019\u0153il du client sur l\u2019\u00e9talage. Le message : fra\u00eecheur et qualit\u00e9 sur le plus court chemin du producteur au consommateur. Le team cr\u00e9atif du service construction MIGROS \u00e0 Gen\u00e8ve a d\u00e9velopp\u00e9 ce porte-marchandise en ayant comme exigences de recr\u00e9er une ambiance de march\u00e9 et qu\u2019il soit facile \u00e0 utiliser. [&hellip;]<\/p>\n","protected":false},"author":2,"featured_media":358,"comment_status":"closed","ping_status":"closed","sticky":false,"template":"","format":"standard","meta":{"footnotes":""},"categories":[21],"tags":[],"class_list":["post-386","post","type-post","status-publish","format-standard","has-post-thumbnail","hentry","category-tendance"],"yoast_head":"<!-- This site is optimized with the Yoast SEO plugin v27.4 - https:\/\/yoast.com\/product\/yoast-seo-wordpress\/ -->\n<title>Le sentiment du march\u00e9 - Ladenbau und Lagertechnik AG<\/title>\n<meta name=\"robots\" content=\"index, follow, max-snippet:-1, max-image-preview:large, max-video-preview:-1\" \/>\n<link rel=\"canonical\" href=\"https:\/\/www.ll-ag.ch\/fr\/le-sentiment-du-marche\/\" \/>\n<meta property=\"og:locale\" content=\"fr_FR\" \/>\n<meta property=\"og:type\" content=\"article\" \/>\n<meta property=\"og:title\" content=\"Le sentiment du march\u00e9 - Ladenbau und Lagertechnik AG\" \/>\n<meta property=\"og:description\" content=\"L\u2019attrait \u00e9motionnel des paloxes attirent in\u00e9vitablement l\u2019\u0153il du client sur l\u2019\u00e9talage. Le message : fra\u00eecheur et qualit\u00e9 sur le plus court chemin du producteur au consommateur. Le team cr\u00e9atif du service construction MIGROS \u00e0 Gen\u00e8ve a d\u00e9velopp\u00e9 ce porte-marchandise en ayant comme exigences de recr\u00e9er une ambiance de march\u00e9 et qu\u2019il soit facile \u00e0 utiliser. [&hellip;]\" \/>\n<meta property=\"og:url\" content=\"https:\/\/www.ll-ag.ch\/fr\/le-sentiment-du-marche\/\" \/>\n<meta property=\"og:site_name\" content=\"Ladenbau und Lagertechnik AG\" \/>\n<meta property=\"article:published_time\" content=\"2017-05-23T11:37:16+00:00\" \/>\n<meta property=\"article:modified_time\" content=\"2017-06-22T09:10:53+00:00\" \/>\n<meta property=\"og:image\" content=\"https:\/\/www.ll-ag.ch\/webseite\/wp-content\/uploads\/2017\/05\/Paloxe-Meyrin_201705_7.jpg\" \/>\n\t<meta property=\"og:image:width\" content=\"2250\" \/>\n\t<meta property=\"og:image:height\" content=\"3000\" \/>\n\t<meta property=\"og:image:type\" content=\"image\/jpeg\" \/>\n<meta name=\"author\" content=\"Ladenbau und Lagertechnik AG\" \/>\n<meta name=\"twitter:card\" content=\"summary_large_image\" \/>\n<meta name=\"twitter:label1\" content=\"Verfasst von\" \/>\n\t<meta name=\"twitter:data1\" content=\"Ladenbau und Lagertechnik AG\" \/>\n\t<meta name=\"twitter:label2\" content=\"Gesch\u00e4tzte Lesezeit\" \/>\n\t<meta name=\"twitter:data2\" content=\"1\u00a0Minute\" \/>\n<script type=\"application\/ld+json\" class=\"yoast-schema-graph\">{\"@context\":\"https:\\\/\\\/schema.org\",\"@graph\":[{\"@type\":\"Article\",\"@id\":\"https:\\\/\\\/www.ll-ag.ch\\\/fr\\\/le-sentiment-du-marche\\\/#article\",\"isPartOf\":{\"@id\":\"https:\\\/\\\/www.ll-ag.ch\\\/fr\\\/le-sentiment-du-marche\\\/\"},\"author\":{\"name\":\"Ladenbau und Lagertechnik AG\",\"@id\":\"https:\\\/\\\/www.ll-ag.ch\\\/#\\\/schema\\\/person\\\/41c05aefbc9841a3b71ea105d93cb634\"},\"headline\":\"Le sentiment du march\u00e9\",\"datePublished\":\"2017-05-23T11:37:16+00:00\",\"dateModified\":\"2017-06-22T09:10:53+00:00\",\"mainEntityOfPage\":{\"@id\":\"https:\\\/\\\/www.ll-ag.ch\\\/fr\\\/le-sentiment-du-marche\\\/\"},\"wordCount\":106,\"publisher\":{\"@id\":\"https:\\\/\\\/www.ll-ag.ch\\\/#organization\"},\"image\":{\"@id\":\"https:\\\/\\\/www.ll-ag.ch\\\/fr\\\/le-sentiment-du-marche\\\/#primaryimage\"},\"thumbnailUrl\":\"https:\\\/\\\/www.ll-ag.ch\\\/webseite\\\/wp-content\\\/uploads\\\/2017\\\/05\\\/Paloxe-Meyrin_201705_7.jpg\",\"articleSection\":[\"Tendance\"],\"inLanguage\":\"de\"},{\"@type\":\"WebPage\",\"@id\":\"https:\\\/\\\/www.ll-ag.ch\\\/fr\\\/le-sentiment-du-marche\\\/\",\"url\":\"https:\\\/\\\/www.ll-ag.ch\\\/fr\\\/le-sentiment-du-marche\\\/\",\"name\":\"Le sentiment du march\u00e9 - Ladenbau und Lagertechnik AG\",\"isPartOf\":{\"@id\":\"https:\\\/\\\/www.ll-ag.ch\\\/#website\"},\"primaryImageOfPage\":{\"@id\":\"https:\\\/\\\/www.ll-ag.ch\\\/fr\\\/le-sentiment-du-marche\\\/#primaryimage\"},\"image\":{\"@id\":\"https:\\\/\\\/www.ll-ag.ch\\\/fr\\\/le-sentiment-du-marche\\\/#primaryimage\"},\"thumbnailUrl\":\"https:\\\/\\\/www.ll-ag.ch\\\/webseite\\\/wp-content\\\/uploads\\\/2017\\\/05\\\/Paloxe-Meyrin_201705_7.jpg\",\"datePublished\":\"2017-05-23T11:37:16+00:00\",\"dateModified\":\"2017-06-22T09:10:53+00:00\",\"breadcrumb\":{\"@id\":\"https:\\\/\\\/www.ll-ag.ch\\\/fr\\\/le-sentiment-du-marche\\\/#breadcrumb\"},\"inLanguage\":\"de\",\"potentialAction\":[{\"@type\":\"ReadAction\",\"target\":[\"https:\\\/\\\/www.ll-ag.ch\\\/fr\\\/le-sentiment-du-marche\\\/\"]}]},{\"@type\":\"ImageObject\",\"inLanguage\":\"de\",\"@id\":\"https:\\\/\\\/www.ll-ag.ch\\\/fr\\\/le-sentiment-du-marche\\\/#primaryimage\",\"url\":\"https:\\\/\\\/www.ll-ag.ch\\\/webseite\\\/wp-content\\\/uploads\\\/2017\\\/05\\\/Paloxe-Meyrin_201705_7.jpg\",\"contentUrl\":\"https:\\\/\\\/www.ll-ag.ch\\\/webseite\\\/wp-content\\\/uploads\\\/2017\\\/05\\\/Paloxe-Meyrin_201705_7.jpg\",\"width\":2250,\"height\":3000,\"caption\":\"Le sentiment du march\u00e9 MM Meyrin\"},{\"@type\":\"BreadcrumbList\",\"@id\":\"https:\\\/\\\/www.ll-ag.ch\\\/fr\\\/le-sentiment-du-marche\\\/#breadcrumb\",\"itemListElement\":[{\"@type\":\"ListItem\",\"position\":1,\"name\":\"Startseite\",\"item\":\"https:\\\/\\\/www.ll-ag.ch\\\/fr\\\/\"},{\"@type\":\"ListItem\",\"position\":2,\"name\":\"Le sentiment du march\u00e9\"}]},{\"@type\":\"WebSite\",\"@id\":\"https:\\\/\\\/www.ll-ag.ch\\\/#website\",\"url\":\"https:\\\/\\\/www.ll-ag.ch\\\/\",\"name\":\"Ladenbau und Lagertechnik AG\",\"description\":\"Wir r\u00fccken Ihre Produkte ins richtige Licht\",\"publisher\":{\"@id\":\"https:\\\/\\\/www.ll-ag.ch\\\/#organization\"},\"potentialAction\":[{\"@type\":\"SearchAction\",\"target\":{\"@type\":\"EntryPoint\",\"urlTemplate\":\"https:\\\/\\\/www.ll-ag.ch\\\/?s={search_term_string}\"},\"query-input\":{\"@type\":\"PropertyValueSpecification\",\"valueRequired\":true,\"valueName\":\"search_term_string\"}}],\"inLanguage\":\"de\"},{\"@type\":\"Organization\",\"@id\":\"https:\\\/\\\/www.ll-ag.ch\\\/#organization\",\"name\":\"Ladenbau und Lagertechnik AG\",\"url\":\"https:\\\/\\\/www.ll-ag.ch\\\/\",\"logo\":{\"@type\":\"ImageObject\",\"inLanguage\":\"de\",\"@id\":\"https:\\\/\\\/www.ll-ag.ch\\\/#\\\/schema\\\/logo\\\/image\\\/\",\"url\":\"https:\\\/\\\/www.ll-ag.ch\\\/webseite\\\/wp-content\\\/uploads\\\/2017\\\/06\\\/logo-favicon.png\",\"contentUrl\":\"https:\\\/\\\/www.ll-ag.ch\\\/webseite\\\/wp-content\\\/uploads\\\/2017\\\/06\\\/logo-favicon.png\",\"width\":468,\"height\":468,\"caption\":\"Ladenbau und Lagertechnik AG\"},\"image\":{\"@id\":\"https:\\\/\\\/www.ll-ag.ch\\\/#\\\/schema\\\/logo\\\/image\\\/\"}},{\"@type\":\"Person\",\"@id\":\"https:\\\/\\\/www.ll-ag.ch\\\/#\\\/schema\\\/person\\\/41c05aefbc9841a3b71ea105d93cb634\",\"name\":\"Ladenbau und Lagertechnik AG\",\"image\":{\"@type\":\"ImageObject\",\"inLanguage\":\"de\",\"@id\":\"https:\\\/\\\/secure.gravatar.com\\\/avatar\\\/b1d03b7e9c679c6c29e9b1429e4f5ccee58ebac024e35b678838c7d613ec10b5?s=96&d=mm&r=g\",\"url\":\"https:\\\/\\\/secure.gravatar.com\\\/avatar\\\/b1d03b7e9c679c6c29e9b1429e4f5ccee58ebac024e35b678838c7d613ec10b5?s=96&d=mm&r=g\",\"contentUrl\":\"https:\\\/\\\/secure.gravatar.com\\\/avatar\\\/b1d03b7e9c679c6c29e9b1429e4f5ccee58ebac024e35b678838c7d613ec10b5?s=96&d=mm&r=g\",\"caption\":\"Ladenbau und Lagertechnik AG\"},\"url\":\"https:\\\/\\\/www.ll-ag.ch\\\/fr\\\/author\\\/llag\\\/\"}]}<\/script>\n<!-- \/ Yoast SEO plugin. -->","yoast_head_json":{"title":"Le sentiment du march\u00e9 - Ladenbau und Lagertechnik AG","robots":{"index":"index","follow":"follow","max-snippet":"max-snippet:-1","max-image-preview":"max-image-preview:large","max-video-preview":"max-video-preview:-1"},"canonical":"https:\/\/www.ll-ag.ch\/fr\/le-sentiment-du-marche\/","og_locale":"fr_FR","og_type":"article","og_title":"Le sentiment du march\u00e9 - Ladenbau und Lagertechnik AG","og_description":"L\u2019attrait \u00e9motionnel des paloxes attirent in\u00e9vitablement l\u2019\u0153il du client sur l\u2019\u00e9talage. Le message : fra\u00eecheur et qualit\u00e9 sur le plus court chemin du producteur au consommateur. Le team cr\u00e9atif du service construction MIGROS \u00e0 Gen\u00e8ve a d\u00e9velopp\u00e9 ce porte-marchandise en ayant comme exigences de recr\u00e9er une ambiance de march\u00e9 et qu\u2019il soit facile \u00e0 utiliser. [&hellip;]","og_url":"https:\/\/www.ll-ag.ch\/fr\/le-sentiment-du-marche\/","og_site_name":"Ladenbau und Lagertechnik AG","article_published_time":"2017-05-23T11:37:16+00:00","article_modified_time":"2017-06-22T09:10:53+00:00","og_image":[{"width":2250,"height":3000,"url":"https:\/\/www.ll-ag.ch\/webseite\/wp-content\/uploads\/2017\/05\/Paloxe-Meyrin_201705_7.jpg","type":"image\/jpeg"}],"author":"Ladenbau und Lagertechnik AG","twitter_card":"summary_large_image","twitter_misc":{"Verfasst von":"Ladenbau und Lagertechnik AG","Gesch\u00e4tzte Lesezeit":"1\u00a0Minute"},"schema":{"@context":"https:\/\/schema.org","@graph":[{"@type":"Article","@id":"https:\/\/www.ll-ag.ch\/fr\/le-sentiment-du-marche\/#article","isPartOf":{"@id":"https:\/\/www.ll-ag.ch\/fr\/le-sentiment-du-marche\/"},"author":{"name":"Ladenbau und Lagertechnik AG","@id":"https:\/\/www.ll-ag.ch\/#\/schema\/person\/41c05aefbc9841a3b71ea105d93cb634"},"headline":"Le sentiment du march\u00e9","datePublished":"2017-05-23T11:37:16+00:00","dateModified":"2017-06-22T09:10:53+00:00","mainEntityOfPage":{"@id":"https:\/\/www.ll-ag.ch\/fr\/le-sentiment-du-marche\/"},"wordCount":106,"publisher":{"@id":"https:\/\/www.ll-ag.ch\/#organization"},"image":{"@id":"https:\/\/www.ll-ag.ch\/fr\/le-sentiment-du-marche\/#primaryimage"},"thumbnailUrl":"https:\/\/www.ll-ag.ch\/webseite\/wp-content\/uploads\/2017\/05\/Paloxe-Meyrin_201705_7.jpg","articleSection":["Tendance"],"inLanguage":"de"},{"@type":"WebPage","@id":"https:\/\/www.ll-ag.ch\/fr\/le-sentiment-du-marche\/","url":"https:\/\/www.ll-ag.ch\/fr\/le-sentiment-du-marche\/","name":"Le sentiment du march\u00e9 - Ladenbau und Lagertechnik AG","isPartOf":{"@id":"https:\/\/www.ll-ag.ch\/#website"},"primaryImageOfPage":{"@id":"https:\/\/www.ll-ag.ch\/fr\/le-sentiment-du-marche\/#primaryimage"},"image":{"@id":"https:\/\/www.ll-ag.ch\/fr\/le-sentiment-du-marche\/#primaryimage"},"thumbnailUrl":"https:\/\/www.ll-ag.ch\/webseite\/wp-content\/uploads\/2017\/05\/Paloxe-Meyrin_201705_7.jpg","datePublished":"2017-05-23T11:37:16+00:00","dateModified":"2017-06-22T09:10:53+00:00","breadcrumb":{"@id":"https:\/\/www.ll-ag.ch\/fr\/le-sentiment-du-marche\/#breadcrumb"},"inLanguage":"de","potentialAction":[{"@type":"ReadAction","target":["https:\/\/www.ll-ag.ch\/fr\/le-sentiment-du-marche\/"]}]},{"@type":"ImageObject","inLanguage":"de","@id":"https:\/\/www.ll-ag.ch\/fr\/le-sentiment-du-marche\/#primaryimage","url":"https:\/\/www.ll-ag.ch\/webseite\/wp-content\/uploads\/2017\/05\/Paloxe-Meyrin_201705_7.jpg","contentUrl":"https:\/\/www.ll-ag.ch\/webseite\/wp-content\/uploads\/2017\/05\/Paloxe-Meyrin_201705_7.jpg","width":2250,"height":3000,"caption":"Le sentiment du march\u00e9 MM Meyrin"},{"@type":"BreadcrumbList","@id":"https:\/\/www.ll-ag.ch\/fr\/le-sentiment-du-marche\/#breadcrumb","itemListElement":[{"@type":"ListItem","position":1,"name":"Startseite","item":"https:\/\/www.ll-ag.ch\/fr\/"},{"@type":"ListItem","position":2,"name":"Le sentiment du march\u00e9"}]},{"@type":"WebSite","@id":"https:\/\/www.ll-ag.ch\/#website","url":"https:\/\/www.ll-ag.ch\/","name":"Ladenbau und Lagertechnik AG","description":"Wir r\u00fccken Ihre Produkte ins richtige Licht","publisher":{"@id":"https:\/\/www.ll-ag.ch\/#organization"},"potentialAction":[{"@type":"SearchAction","target":{"@type":"EntryPoint","urlTemplate":"https:\/\/www.ll-ag.ch\/?s={search_term_string}"},"query-input":{"@type":"PropertyValueSpecification","valueRequired":true,"valueName":"search_term_string"}}],"inLanguage":"de"},{"@type":"Organization","@id":"https:\/\/www.ll-ag.ch\/#organization","name":"Ladenbau und Lagertechnik AG","url":"https:\/\/www.ll-ag.ch\/","logo":{"@type":"ImageObject","inLanguage":"de","@id":"https:\/\/www.ll-ag.ch\/#\/schema\/logo\/image\/","url":"https:\/\/www.ll-ag.ch\/webseite\/wp-content\/uploads\/2017\/06\/logo-favicon.png","contentUrl":"https:\/\/www.ll-ag.ch\/webseite\/wp-content\/uploads\/2017\/06\/logo-favicon.png","width":468,"height":468,"caption":"Ladenbau und Lagertechnik AG"},"image":{"@id":"https:\/\/www.ll-ag.ch\/#\/schema\/logo\/image\/"}},{"@type":"Person","@id":"https:\/\/www.ll-ag.ch\/#\/schema\/person\/41c05aefbc9841a3b71ea105d93cb634","name":"Ladenbau und Lagertechnik AG","image":{"@type":"ImageObject","inLanguage":"de","@id":"https:\/\/secure.gravatar.com\/avatar\/b1d03b7e9c679c6c29e9b1429e4f5ccee58ebac024e35b678838c7d613ec10b5?s=96&d=mm&r=g","url":"https:\/\/secure.gravatar.com\/avatar\/b1d03b7e9c679c6c29e9b1429e4f5ccee58ebac024e35b678838c7d613ec10b5?s=96&d=mm&r=g","contentUrl":"https:\/\/secure.gravatar.com\/avatar\/b1d03b7e9c679c6c29e9b1429e4f5ccee58ebac024e35b678838c7d613ec10b5?s=96&d=mm&r=g","caption":"Ladenbau und Lagertechnik AG"},"url":"https:\/\/www.ll-ag.ch\/fr\/author\/llag\/"}]}},"_links":{"self":[{"href":"https:\/\/www.ll-ag.ch\/fr\/wp-json\/wp\/v2\/posts\/386\/"}],"collection":[{"href":"https:\/\/www.ll-ag.ch\/fr\/wp-json\/wp\/v2\/posts\/"}],"about":[{"href":"https:\/\/www.ll-ag.ch\/fr\/wp-json\/wp\/v2\/types\/post\/"}],"author":[{"embeddable":true,"href":"https:\/\/www.ll-ag.ch\/fr\/wp-json\/wp\/v2\/users\/2\/"}],"replies":[{"embeddable":true,"href":"https:\/\/www.ll-ag.ch\/fr\/wp-json\/wp\/v2\/comments\/?post=386"}],"version-history":[{"count":2,"href":"https:\/\/www.ll-ag.ch\/fr\/wp-json\/wp\/v2\/posts\/386\/revisions\/"}],"predecessor-version":[{"id":554,"href":"https:\/\/www.ll-ag.ch\/fr\/wp-json\/wp\/v2\/posts\/386\/revisions\/554\/"}],"wp:featuredmedia":[{"embeddable":true,"href":"https:\/\/www.ll-ag.ch\/fr\/wp-json\/wp\/v2\/media\/358\/"}],"wp:attachment":[{"href":"https:\/\/www.ll-ag.ch\/fr\/wp-json\/wp\/v2\/media\/?parent=386"}],"wp:term":[{"taxonomy":"category","embeddable":true,"href":"https:\/\/www.ll-ag.ch\/fr\/wp-json\/wp\/v2\/categories\/?post=386"},{"taxonomy":"post_tag","embeddable":true,"href":"https:\/\/www.ll-ag.ch\/fr\/wp-json\/wp\/v2\/tags\/?post=386"}],"curies":[{"name":"wp","href":"https:\/\/api.w.org\/{rel}","templated":true}]}}