{"id":565,"date":"2017-06-22T11:38:15","date_gmt":"2017-06-22T09:38:15","guid":{"rendered":"http:\/\/www.ll-ag.ch\/?p=565\/"},"modified":"2017-06-22T14:37:09","modified_gmt":"2017-06-22T12:37:09","slug":"newsletter-may-17","status":"publish","type":"post","link":"https:\/\/www.ll-ag.ch\/fr\/newsletter-may-17\/","title":{"rendered":"Newsletter May 17"},"content":{"rendered":"<p>Que s\u2019est-il pass\u00e9 d\u2019int\u00e9ressant autour de vous\u00a0?<\/p>\n<p>Migusto &#8211; se positionne en tant que Label de qualit\u00e9.<br \/>\nDes informations int\u00e9ressantes autour de l\u2019alimentation, enrichie par des diversit\u00e9s culturelles et avec de pr\u00e9cieux conseils pour des festivit\u00e9s et occasions familiales qui d\u00e9samorcent la question quotidienne\u00a0: que vais-je cuisiner aujourd\u2019hui\u00a0?<\/p>\n<p>La diversit\u00e9 rend la vie douce ou simplement plus heureuse.<\/p>\n<p>En plus des m\u00e9dias en ligne, le client au PoP dans le commerce stationnaire doit \u00eatre judicieusement app\u00e2t\u00e9 afin de le faire \u00ab\u00a0saliv\u00e9\u00a0\u00bb.<\/p>\n<p>Dans ce but, le porte-brochure a \u00e9t\u00e9 d\u00e9velopp\u00e9 commun\u00e9ment avec MIGROS et la Ladenbau &amp; Lagertechnik AG, sur une base d\u2019une esquisse avec l\u2019id\u00e9e de concevoir un objet qui r\u00e9pond \u00e0 toutes les exigences.<br \/>\nPlus de d\u00e9tails sous : <a href=\"http:\/\/www.ll-ag.ch\/fr\/outdoorpresenter\/\">http:\/\/www.ll-ag.ch\/fr\/outdoorpresenter\/<\/a><\/p>\n<p>&nbsp;<\/p>\n<p>Vari\u00e9t\u00e9 et \u00e9tonnement attendent les clients au PoP, surtout \u00e0 l&#8217;\u00e8re des magasins en ligne. Les sens sont mis en \u00e9veil\u00a0; visuellement, tactilement et avec des senteurs.<\/p>\n<p>Le team cr\u00e9atif du service construction MIGROS Gen\u00e8ve a d\u00e9velopp\u00e9, sous la direction de Mme Antoinette Marchand, un concept de pr\u00e9sentation de fruits et l\u00e9gumes avec des paloxes, rappelant le \u00ab\u00a0bon vieux temps\u00a0\u00bb.<br \/>\nEt ceci cons\u00e9quemment jusque dans l\u2019installation murale pour servir la devise MIGROS \u00ab\u00a0 du producteur au consommateur\u00a0\u00bb.<\/p>\n<p>Le mandant s\u2019est adress\u00e9 \u00e0 la Ladenbau &amp; Lagertechnik AG pour relever ce d\u00e9fi sachant que l\u2019ex\u00e9cution r\u00e9pondra aux hautes exigences requises par lui-m\u00eame et ses clients.<br \/>\nCe nouveau concept a re\u00e7u un excellent accueil, concr\u00e9tis\u00e9 par le retour des clients et le chiffre d\u2019affaire.<\/p>\n<p>Plus de d\u00e9tails sous: <a href=\"http:\/\/www.ll-ag.ch\/fr\/le-sentiment-du-marche\/\">http:\/\/www.ll-ag.ch\/fr\/le-sentiment-du-marche\/<\/a><\/p>\n<p>Nous vous invitons \u00e0 venir parcourir notre Homepage avec des images de la MM Meyrin.<\/p>\n","protected":false},"excerpt":{"rendered":"<p>Que s\u2019est-il pass\u00e9 d\u2019int\u00e9ressant autour de vous\u00a0? Migusto &#8211; se positionne en tant que Label de qualit\u00e9. Des informations int\u00e9ressantes autour de l\u2019alimentation, enrichie par des diversit\u00e9s culturelles et avec de pr\u00e9cieux conseils pour des festivit\u00e9s et occasions familiales qui d\u00e9samorcent la question quotidienne\u00a0: que vais-je cuisiner aujourd\u2019hui\u00a0? La diversit\u00e9 rend la vie douce ou [&hellip;]<\/p>\n","protected":false},"author":2,"featured_media":355,"comment_status":"closed","ping_status":"closed","sticky":false,"template":"","format":"standard","meta":{"footnotes":""},"categories":[21],"tags":[],"class_list":["post-565","post","type-post","status-publish","format-standard","has-post-thumbnail","hentry","category-tendance"],"yoast_head":"<!-- This site is optimized with the Yoast SEO plugin v27.4 - https:\/\/yoast.com\/product\/yoast-seo-wordpress\/ -->\n<title>Newsletter May 17 - Ladenbau und Lagertechnik AG<\/title>\n<meta name=\"robots\" content=\"index, follow, max-snippet:-1, max-image-preview:large, max-video-preview:-1\" \/>\n<link rel=\"canonical\" href=\"https:\/\/www.ll-ag.ch\/fr\/newsletter-may-17\/\" \/>\n<meta property=\"og:locale\" content=\"fr_FR\" \/>\n<meta property=\"og:type\" content=\"article\" \/>\n<meta property=\"og:title\" content=\"Newsletter May 17 - Ladenbau und Lagertechnik AG\" \/>\n<meta property=\"og:description\" content=\"Que s\u2019est-il pass\u00e9 d\u2019int\u00e9ressant autour de vous\u00a0? Migusto &#8211; se positionne en tant que Label de qualit\u00e9. Des informations int\u00e9ressantes autour de l\u2019alimentation, enrichie par des diversit\u00e9s culturelles et avec de pr\u00e9cieux conseils pour des festivit\u00e9s et occasions familiales qui d\u00e9samorcent la question quotidienne\u00a0: que vais-je cuisiner aujourd\u2019hui\u00a0? La diversit\u00e9 rend la vie douce ou [&hellip;]\" \/>\n<meta property=\"og:url\" content=\"https:\/\/www.ll-ag.ch\/fr\/newsletter-may-17\/\" \/>\n<meta property=\"og:site_name\" content=\"Ladenbau und Lagertechnik AG\" \/>\n<meta property=\"article:published_time\" content=\"2017-06-22T09:38:15+00:00\" \/>\n<meta property=\"article:modified_time\" content=\"2017-06-22T12:37:09+00:00\" \/>\n<meta property=\"og:image\" content=\"https:\/\/www.ll-ag.ch\/webseite\/wp-content\/uploads\/2017\/05\/Paloxe-Meyrin_201705_4.jpg\" \/>\n\t<meta property=\"og:image:width\" content=\"2250\" \/>\n\t<meta property=\"og:image:height\" content=\"3000\" \/>\n\t<meta property=\"og:image:type\" content=\"image\/jpeg\" \/>\n<meta name=\"author\" content=\"Ladenbau und Lagertechnik AG\" \/>\n<meta name=\"twitter:card\" content=\"summary_large_image\" \/>\n<meta name=\"twitter:label1\" content=\"Verfasst von\" \/>\n\t<meta name=\"twitter:data1\" content=\"Ladenbau und Lagertechnik AG\" \/>\n\t<meta name=\"twitter:label2\" content=\"Gesch\u00e4tzte Lesezeit\" \/>\n\t<meta name=\"twitter:data2\" content=\"2\u00a0Minuten\" \/>\n<script type=\"application\/ld+json\" class=\"yoast-schema-graph\">{\"@context\":\"https:\\\/\\\/schema.org\",\"@graph\":[{\"@type\":\"Article\",\"@id\":\"https:\\\/\\\/www.ll-ag.ch\\\/fr\\\/newsletter-may-17\\\/#article\",\"isPartOf\":{\"@id\":\"https:\\\/\\\/www.ll-ag.ch\\\/fr\\\/newsletter-may-17\\\/\"},\"author\":{\"name\":\"Ladenbau und Lagertechnik AG\",\"@id\":\"https:\\\/\\\/www.ll-ag.ch\\\/#\\\/schema\\\/person\\\/41c05aefbc9841a3b71ea105d93cb634\"},\"headline\":\"Newsletter May 17\",\"datePublished\":\"2017-06-22T09:38:15+00:00\",\"dateModified\":\"2017-06-22T12:37:09+00:00\",\"mainEntityOfPage\":{\"@id\":\"https:\\\/\\\/www.ll-ag.ch\\\/fr\\\/newsletter-may-17\\\/\"},\"wordCount\":308,\"publisher\":{\"@id\":\"https:\\\/\\\/www.ll-ag.ch\\\/#organization\"},\"image\":{\"@id\":\"https:\\\/\\\/www.ll-ag.ch\\\/fr\\\/newsletter-may-17\\\/#primaryimage\"},\"thumbnailUrl\":\"https:\\\/\\\/www.ll-ag.ch\\\/webseite\\\/wp-content\\\/uploads\\\/2017\\\/05\\\/Paloxe-Meyrin_201705_4.jpg\",\"articleSection\":[\"Tendance\"],\"inLanguage\":\"de\"},{\"@type\":\"WebPage\",\"@id\":\"https:\\\/\\\/www.ll-ag.ch\\\/fr\\\/newsletter-may-17\\\/\",\"url\":\"https:\\\/\\\/www.ll-ag.ch\\\/fr\\\/newsletter-may-17\\\/\",\"name\":\"Newsletter May 17 - Ladenbau und Lagertechnik AG\",\"isPartOf\":{\"@id\":\"https:\\\/\\\/www.ll-ag.ch\\\/#website\"},\"primaryImageOfPage\":{\"@id\":\"https:\\\/\\\/www.ll-ag.ch\\\/fr\\\/newsletter-may-17\\\/#primaryimage\"},\"image\":{\"@id\":\"https:\\\/\\\/www.ll-ag.ch\\\/fr\\\/newsletter-may-17\\\/#primaryimage\"},\"thumbnailUrl\":\"https:\\\/\\\/www.ll-ag.ch\\\/webseite\\\/wp-content\\\/uploads\\\/2017\\\/05\\\/Paloxe-Meyrin_201705_4.jpg\",\"datePublished\":\"2017-06-22T09:38:15+00:00\",\"dateModified\":\"2017-06-22T12:37:09+00:00\",\"breadcrumb\":{\"@id\":\"https:\\\/\\\/www.ll-ag.ch\\\/fr\\\/newsletter-may-17\\\/#breadcrumb\"},\"inLanguage\":\"de\",\"potentialAction\":[{\"@type\":\"ReadAction\",\"target\":[\"https:\\\/\\\/www.ll-ag.ch\\\/fr\\\/newsletter-may-17\\\/\"]}]},{\"@type\":\"ImageObject\",\"inLanguage\":\"de\",\"@id\":\"https:\\\/\\\/www.ll-ag.ch\\\/fr\\\/newsletter-may-17\\\/#primaryimage\",\"url\":\"https:\\\/\\\/www.ll-ag.ch\\\/webseite\\\/wp-content\\\/uploads\\\/2017\\\/05\\\/Paloxe-Meyrin_201705_4.jpg\",\"contentUrl\":\"https:\\\/\\\/www.ll-ag.ch\\\/webseite\\\/wp-content\\\/uploads\\\/2017\\\/05\\\/Paloxe-Meyrin_201705_4.jpg\",\"width\":2250,\"height\":3000,\"caption\":\"Marktstimmung MM Meyrin\"},{\"@type\":\"BreadcrumbList\",\"@id\":\"https:\\\/\\\/www.ll-ag.ch\\\/fr\\\/newsletter-may-17\\\/#breadcrumb\",\"itemListElement\":[{\"@type\":\"ListItem\",\"position\":1,\"name\":\"Startseite\",\"item\":\"https:\\\/\\\/www.ll-ag.ch\\\/fr\\\/\"},{\"@type\":\"ListItem\",\"position\":2,\"name\":\"Newsletter May 17\"}]},{\"@type\":\"WebSite\",\"@id\":\"https:\\\/\\\/www.ll-ag.ch\\\/#website\",\"url\":\"https:\\\/\\\/www.ll-ag.ch\\\/\",\"name\":\"Ladenbau und Lagertechnik AG\",\"description\":\"Wir r\u00fccken Ihre Produkte ins richtige Licht\",\"publisher\":{\"@id\":\"https:\\\/\\\/www.ll-ag.ch\\\/#organization\"},\"potentialAction\":[{\"@type\":\"SearchAction\",\"target\":{\"@type\":\"EntryPoint\",\"urlTemplate\":\"https:\\\/\\\/www.ll-ag.ch\\\/?s={search_term_string}\"},\"query-input\":{\"@type\":\"PropertyValueSpecification\",\"valueRequired\":true,\"valueName\":\"search_term_string\"}}],\"inLanguage\":\"de\"},{\"@type\":\"Organization\",\"@id\":\"https:\\\/\\\/www.ll-ag.ch\\\/#organization\",\"name\":\"Ladenbau und Lagertechnik AG\",\"url\":\"https:\\\/\\\/www.ll-ag.ch\\\/\",\"logo\":{\"@type\":\"ImageObject\",\"inLanguage\":\"de\",\"@id\":\"https:\\\/\\\/www.ll-ag.ch\\\/#\\\/schema\\\/logo\\\/image\\\/\",\"url\":\"https:\\\/\\\/www.ll-ag.ch\\\/webseite\\\/wp-content\\\/uploads\\\/2017\\\/06\\\/logo-favicon.png\",\"contentUrl\":\"https:\\\/\\\/www.ll-ag.ch\\\/webseite\\\/wp-content\\\/uploads\\\/2017\\\/06\\\/logo-favicon.png\",\"width\":468,\"height\":468,\"caption\":\"Ladenbau und Lagertechnik AG\"},\"image\":{\"@id\":\"https:\\\/\\\/www.ll-ag.ch\\\/#\\\/schema\\\/logo\\\/image\\\/\"}},{\"@type\":\"Person\",\"@id\":\"https:\\\/\\\/www.ll-ag.ch\\\/#\\\/schema\\\/person\\\/41c05aefbc9841a3b71ea105d93cb634\",\"name\":\"Ladenbau und Lagertechnik AG\",\"image\":{\"@type\":\"ImageObject\",\"inLanguage\":\"de\",\"@id\":\"https:\\\/\\\/secure.gravatar.com\\\/avatar\\\/b1d03b7e9c679c6c29e9b1429e4f5ccee58ebac024e35b678838c7d613ec10b5?s=96&d=mm&r=g\",\"url\":\"https:\\\/\\\/secure.gravatar.com\\\/avatar\\\/b1d03b7e9c679c6c29e9b1429e4f5ccee58ebac024e35b678838c7d613ec10b5?s=96&d=mm&r=g\",\"contentUrl\":\"https:\\\/\\\/secure.gravatar.com\\\/avatar\\\/b1d03b7e9c679c6c29e9b1429e4f5ccee58ebac024e35b678838c7d613ec10b5?s=96&d=mm&r=g\",\"caption\":\"Ladenbau und Lagertechnik AG\"},\"url\":\"https:\\\/\\\/www.ll-ag.ch\\\/fr\\\/author\\\/llag\\\/\"}]}<\/script>\n<!-- \/ Yoast SEO plugin. -->","yoast_head_json":{"title":"Newsletter May 17 - Ladenbau und Lagertechnik AG","robots":{"index":"index","follow":"follow","max-snippet":"max-snippet:-1","max-image-preview":"max-image-preview:large","max-video-preview":"max-video-preview:-1"},"canonical":"https:\/\/www.ll-ag.ch\/fr\/newsletter-may-17\/","og_locale":"fr_FR","og_type":"article","og_title":"Newsletter May 17 - Ladenbau und Lagertechnik AG","og_description":"Que s\u2019est-il pass\u00e9 d\u2019int\u00e9ressant autour de vous\u00a0? Migusto &#8211; se positionne en tant que Label de qualit\u00e9. Des informations int\u00e9ressantes autour de l\u2019alimentation, enrichie par des diversit\u00e9s culturelles et avec de pr\u00e9cieux conseils pour des festivit\u00e9s et occasions familiales qui d\u00e9samorcent la question quotidienne\u00a0: que vais-je cuisiner aujourd\u2019hui\u00a0? La diversit\u00e9 rend la vie douce ou [&hellip;]","og_url":"https:\/\/www.ll-ag.ch\/fr\/newsletter-may-17\/","og_site_name":"Ladenbau und Lagertechnik AG","article_published_time":"2017-06-22T09:38:15+00:00","article_modified_time":"2017-06-22T12:37:09+00:00","og_image":[{"width":2250,"height":3000,"url":"https:\/\/www.ll-ag.ch\/webseite\/wp-content\/uploads\/2017\/05\/Paloxe-Meyrin_201705_4.jpg","type":"image\/jpeg"}],"author":"Ladenbau und Lagertechnik AG","twitter_card":"summary_large_image","twitter_misc":{"Verfasst von":"Ladenbau und Lagertechnik AG","Gesch\u00e4tzte Lesezeit":"2\u00a0Minuten"},"schema":{"@context":"https:\/\/schema.org","@graph":[{"@type":"Article","@id":"https:\/\/www.ll-ag.ch\/fr\/newsletter-may-17\/#article","isPartOf":{"@id":"https:\/\/www.ll-ag.ch\/fr\/newsletter-may-17\/"},"author":{"name":"Ladenbau und Lagertechnik AG","@id":"https:\/\/www.ll-ag.ch\/#\/schema\/person\/41c05aefbc9841a3b71ea105d93cb634"},"headline":"Newsletter May 17","datePublished":"2017-06-22T09:38:15+00:00","dateModified":"2017-06-22T12:37:09+00:00","mainEntityOfPage":{"@id":"https:\/\/www.ll-ag.ch\/fr\/newsletter-may-17\/"},"wordCount":308,"publisher":{"@id":"https:\/\/www.ll-ag.ch\/#organization"},"image":{"@id":"https:\/\/www.ll-ag.ch\/fr\/newsletter-may-17\/#primaryimage"},"thumbnailUrl":"https:\/\/www.ll-ag.ch\/webseite\/wp-content\/uploads\/2017\/05\/Paloxe-Meyrin_201705_4.jpg","articleSection":["Tendance"],"inLanguage":"de"},{"@type":"WebPage","@id":"https:\/\/www.ll-ag.ch\/fr\/newsletter-may-17\/","url":"https:\/\/www.ll-ag.ch\/fr\/newsletter-may-17\/","name":"Newsletter May 17 - Ladenbau und Lagertechnik AG","isPartOf":{"@id":"https:\/\/www.ll-ag.ch\/#website"},"primaryImageOfPage":{"@id":"https:\/\/www.ll-ag.ch\/fr\/newsletter-may-17\/#primaryimage"},"image":{"@id":"https:\/\/www.ll-ag.ch\/fr\/newsletter-may-17\/#primaryimage"},"thumbnailUrl":"https:\/\/www.ll-ag.ch\/webseite\/wp-content\/uploads\/2017\/05\/Paloxe-Meyrin_201705_4.jpg","datePublished":"2017-06-22T09:38:15+00:00","dateModified":"2017-06-22T12:37:09+00:00","breadcrumb":{"@id":"https:\/\/www.ll-ag.ch\/fr\/newsletter-may-17\/#breadcrumb"},"inLanguage":"de","potentialAction":[{"@type":"ReadAction","target":["https:\/\/www.ll-ag.ch\/fr\/newsletter-may-17\/"]}]},{"@type":"ImageObject","inLanguage":"de","@id":"https:\/\/www.ll-ag.ch\/fr\/newsletter-may-17\/#primaryimage","url":"https:\/\/www.ll-ag.ch\/webseite\/wp-content\/uploads\/2017\/05\/Paloxe-Meyrin_201705_4.jpg","contentUrl":"https:\/\/www.ll-ag.ch\/webseite\/wp-content\/uploads\/2017\/05\/Paloxe-Meyrin_201705_4.jpg","width":2250,"height":3000,"caption":"Marktstimmung MM Meyrin"},{"@type":"BreadcrumbList","@id":"https:\/\/www.ll-ag.ch\/fr\/newsletter-may-17\/#breadcrumb","itemListElement":[{"@type":"ListItem","position":1,"name":"Startseite","item":"https:\/\/www.ll-ag.ch\/fr\/"},{"@type":"ListItem","position":2,"name":"Newsletter May 17"}]},{"@type":"WebSite","@id":"https:\/\/www.ll-ag.ch\/#website","url":"https:\/\/www.ll-ag.ch\/","name":"Ladenbau und Lagertechnik AG","description":"Wir r\u00fccken Ihre Produkte ins richtige Licht","publisher":{"@id":"https:\/\/www.ll-ag.ch\/#organization"},"potentialAction":[{"@type":"SearchAction","target":{"@type":"EntryPoint","urlTemplate":"https:\/\/www.ll-ag.ch\/?s={search_term_string}"},"query-input":{"@type":"PropertyValueSpecification","valueRequired":true,"valueName":"search_term_string"}}],"inLanguage":"de"},{"@type":"Organization","@id":"https:\/\/www.ll-ag.ch\/#organization","name":"Ladenbau und Lagertechnik AG","url":"https:\/\/www.ll-ag.ch\/","logo":{"@type":"ImageObject","inLanguage":"de","@id":"https:\/\/www.ll-ag.ch\/#\/schema\/logo\/image\/","url":"https:\/\/www.ll-ag.ch\/webseite\/wp-content\/uploads\/2017\/06\/logo-favicon.png","contentUrl":"https:\/\/www.ll-ag.ch\/webseite\/wp-content\/uploads\/2017\/06\/logo-favicon.png","width":468,"height":468,"caption":"Ladenbau und Lagertechnik AG"},"image":{"@id":"https:\/\/www.ll-ag.ch\/#\/schema\/logo\/image\/"}},{"@type":"Person","@id":"https:\/\/www.ll-ag.ch\/#\/schema\/person\/41c05aefbc9841a3b71ea105d93cb634","name":"Ladenbau und Lagertechnik AG","image":{"@type":"ImageObject","inLanguage":"de","@id":"https:\/\/secure.gravatar.com\/avatar\/b1d03b7e9c679c6c29e9b1429e4f5ccee58ebac024e35b678838c7d613ec10b5?s=96&d=mm&r=g","url":"https:\/\/secure.gravatar.com\/avatar\/b1d03b7e9c679c6c29e9b1429e4f5ccee58ebac024e35b678838c7d613ec10b5?s=96&d=mm&r=g","contentUrl":"https:\/\/secure.gravatar.com\/avatar\/b1d03b7e9c679c6c29e9b1429e4f5ccee58ebac024e35b678838c7d613ec10b5?s=96&d=mm&r=g","caption":"Ladenbau und Lagertechnik AG"},"url":"https:\/\/www.ll-ag.ch\/fr\/author\/llag\/"}]}},"_links":{"self":[{"href":"https:\/\/www.ll-ag.ch\/fr\/wp-json\/wp\/v2\/posts\/565\/"}],"collection":[{"href":"https:\/\/www.ll-ag.ch\/fr\/wp-json\/wp\/v2\/posts\/"}],"about":[{"href":"https:\/\/www.ll-ag.ch\/fr\/wp-json\/wp\/v2\/types\/post\/"}],"author":[{"embeddable":true,"href":"https:\/\/www.ll-ag.ch\/fr\/wp-json\/wp\/v2\/users\/2\/"}],"replies":[{"embeddable":true,"href":"https:\/\/www.ll-ag.ch\/fr\/wp-json\/wp\/v2\/comments\/?post=565"}],"version-history":[{"count":5,"href":"https:\/\/www.ll-ag.ch\/fr\/wp-json\/wp\/v2\/posts\/565\/revisions\/"}],"predecessor-version":[{"id":570,"href":"https:\/\/www.ll-ag.ch\/fr\/wp-json\/wp\/v2\/posts\/565\/revisions\/570\/"}],"wp:featuredmedia":[{"embeddable":true,"href":"https:\/\/www.ll-ag.ch\/fr\/wp-json\/wp\/v2\/media\/355\/"}],"wp:attachment":[{"href":"https:\/\/www.ll-ag.ch\/fr\/wp-json\/wp\/v2\/media\/?parent=565"}],"wp:term":[{"taxonomy":"category","embeddable":true,"href":"https:\/\/www.ll-ag.ch\/fr\/wp-json\/wp\/v2\/categories\/?post=565"},{"taxonomy":"post_tag","embeddable":true,"href":"https:\/\/www.ll-ag.ch\/fr\/wp-json\/wp\/v2\/tags\/?post=565"}],"curies":[{"name":"wp","href":"https:\/\/api.w.org\/{rel}","templated":true}]}}