{"id":652,"date":"2017-12-27T12:53:34","date_gmt":"2017-12-27T11:53:34","guid":{"rendered":"http:\/\/www.ll-ag.ch\/?p=652"},"modified":"2017-12-27T12:56:00","modified_gmt":"2017-12-27T11:56:00","slug":"bonne-annee","status":"publish","type":"post","link":"https:\/\/www.ll-ag.ch\/fr\/bonne-annee\/","title":{"rendered":"BONNE ANNEE!"},"content":{"rendered":"<p>Nous vous souhaitons de belles et joyeuses f\u00eates de fin d&#8217;ann\u00e9e et plein de bonheur et de r\u00e9ussite pour 2018.<\/p>\n","protected":false},"excerpt":{"rendered":"<p>Nous vous souhaitons de belles et joyeuses f\u00eates de fin d&#8217;ann\u00e9e et plein de bonheur et de r\u00e9ussite pour 2018.<\/p>\n","protected":false},"author":2,"featured_media":653,"comment_status":"closed","ping_status":"closed","sticky":false,"template":"","format":"standard","meta":{"footnotes":""},"categories":[12],"tags":[],"class_list":["post-652","post","type-post","status-publish","format-standard","has-post-thumbnail","hentry","category-entreprise"],"yoast_head":"<!-- This site is optimized with the Yoast SEO plugin v27.4 - https:\/\/yoast.com\/product\/yoast-seo-wordpress\/ -->\n<title>BONNE ANNEE! - Ladenbau und Lagertechnik AG<\/title>\n<meta name=\"robots\" content=\"index, follow, max-snippet:-1, max-image-preview:large, max-video-preview:-1\" \/>\n<link rel=\"canonical\" href=\"https:\/\/www.ll-ag.ch\/fr\/bonne-annee\/\" \/>\n<meta property=\"og:locale\" content=\"fr_FR\" \/>\n<meta property=\"og:type\" content=\"article\" \/>\n<meta property=\"og:title\" content=\"BONNE ANNEE! - Ladenbau und Lagertechnik AG\" \/>\n<meta property=\"og:description\" content=\"Nous vous souhaitons de belles et joyeuses f\u00eates de fin d&#8217;ann\u00e9e et plein de bonheur et de r\u00e9ussite pour 2018.\" \/>\n<meta property=\"og:url\" content=\"https:\/\/www.ll-ag.ch\/fr\/bonne-annee\/\" \/>\n<meta property=\"og:site_name\" content=\"Ladenbau und Lagertechnik AG\" \/>\n<meta property=\"article:published_time\" content=\"2017-12-27T11:53:34+00:00\" \/>\n<meta property=\"article:modified_time\" content=\"2017-12-27T11:56:00+00:00\" \/>\n<meta property=\"og:image\" content=\"https:\/\/www.ll-ag.ch\/webseite\/wp-content\/uploads\/2017\/12\/Happy-New-Year-Images-2018-HD-1-1.jpg\" \/>\n\t<meta property=\"og:image:width\" content=\"1000\" \/>\n\t<meta property=\"og:image:height\" content=\"750\" \/>\n\t<meta property=\"og:image:type\" content=\"image\/jpeg\" \/>\n<meta name=\"author\" content=\"Ladenbau und Lagertechnik AG\" \/>\n<meta name=\"twitter:card\" content=\"summary_large_image\" \/>\n<meta name=\"twitter:label1\" content=\"Verfasst von\" \/>\n\t<meta name=\"twitter:data1\" content=\"Ladenbau und Lagertechnik AG\" \/>\n<script type=\"application\/ld+json\" class=\"yoast-schema-graph\">{\"@context\":\"https:\\\/\\\/schema.org\",\"@graph\":[{\"@type\":\"Article\",\"@id\":\"https:\\\/\\\/www.ll-ag.ch\\\/fr\\\/bonne-annee\\\/#article\",\"isPartOf\":{\"@id\":\"https:\\\/\\\/www.ll-ag.ch\\\/fr\\\/bonne-annee\\\/\"},\"author\":{\"name\":\"Ladenbau und Lagertechnik AG\",\"@id\":\"https:\\\/\\\/www.ll-ag.ch\\\/#\\\/schema\\\/person\\\/41c05aefbc9841a3b71ea105d93cb634\"},\"headline\":\"BONNE ANNEE!\",\"datePublished\":\"2017-12-27T11:53:34+00:00\",\"dateModified\":\"2017-12-27T11:56:00+00:00\",\"mainEntityOfPage\":{\"@id\":\"https:\\\/\\\/www.ll-ag.ch\\\/fr\\\/bonne-annee\\\/\"},\"wordCount\":24,\"publisher\":{\"@id\":\"https:\\\/\\\/www.ll-ag.ch\\\/#organization\"},\"image\":{\"@id\":\"https:\\\/\\\/www.ll-ag.ch\\\/fr\\\/bonne-annee\\\/#primaryimage\"},\"thumbnailUrl\":\"https:\\\/\\\/www.ll-ag.ch\\\/webseite\\\/wp-content\\\/uploads\\\/2017\\\/12\\\/Happy-New-Year-Images-2018-HD-1-1.jpg\",\"articleSection\":[\"Entreprise\"],\"inLanguage\":\"de\"},{\"@type\":\"WebPage\",\"@id\":\"https:\\\/\\\/www.ll-ag.ch\\\/fr\\\/bonne-annee\\\/\",\"url\":\"https:\\\/\\\/www.ll-ag.ch\\\/fr\\\/bonne-annee\\\/\",\"name\":\"BONNE ANNEE! - Ladenbau und Lagertechnik AG\",\"isPartOf\":{\"@id\":\"https:\\\/\\\/www.ll-ag.ch\\\/#website\"},\"primaryImageOfPage\":{\"@id\":\"https:\\\/\\\/www.ll-ag.ch\\\/fr\\\/bonne-annee\\\/#primaryimage\"},\"image\":{\"@id\":\"https:\\\/\\\/www.ll-ag.ch\\\/fr\\\/bonne-annee\\\/#primaryimage\"},\"thumbnailUrl\":\"https:\\\/\\\/www.ll-ag.ch\\\/webseite\\\/wp-content\\\/uploads\\\/2017\\\/12\\\/Happy-New-Year-Images-2018-HD-1-1.jpg\",\"datePublished\":\"2017-12-27T11:53:34+00:00\",\"dateModified\":\"2017-12-27T11:56:00+00:00\",\"breadcrumb\":{\"@id\":\"https:\\\/\\\/www.ll-ag.ch\\\/fr\\\/bonne-annee\\\/#breadcrumb\"},\"inLanguage\":\"de\",\"potentialAction\":[{\"@type\":\"ReadAction\",\"target\":[\"https:\\\/\\\/www.ll-ag.ch\\\/fr\\\/bonne-annee\\\/\"]}]},{\"@type\":\"ImageObject\",\"inLanguage\":\"de\",\"@id\":\"https:\\\/\\\/www.ll-ag.ch\\\/fr\\\/bonne-annee\\\/#primaryimage\",\"url\":\"https:\\\/\\\/www.ll-ag.ch\\\/webseite\\\/wp-content\\\/uploads\\\/2017\\\/12\\\/Happy-New-Year-Images-2018-HD-1-1.jpg\",\"contentUrl\":\"https:\\\/\\\/www.ll-ag.ch\\\/webseite\\\/wp-content\\\/uploads\\\/2017\\\/12\\\/Happy-New-Year-Images-2018-HD-1-1.jpg\",\"width\":1000,\"height\":750},{\"@type\":\"BreadcrumbList\",\"@id\":\"https:\\\/\\\/www.ll-ag.ch\\\/fr\\\/bonne-annee\\\/#breadcrumb\",\"itemListElement\":[{\"@type\":\"ListItem\",\"position\":1,\"name\":\"Startseite\",\"item\":\"https:\\\/\\\/www.ll-ag.ch\\\/fr\\\/\"},{\"@type\":\"ListItem\",\"position\":2,\"name\":\"BONNE ANNEE!\"}]},{\"@type\":\"WebSite\",\"@id\":\"https:\\\/\\\/www.ll-ag.ch\\\/#website\",\"url\":\"https:\\\/\\\/www.ll-ag.ch\\\/\",\"name\":\"Ladenbau und Lagertechnik AG\",\"description\":\"Wir r\u00fccken Ihre Produkte ins richtige Licht\",\"publisher\":{\"@id\":\"https:\\\/\\\/www.ll-ag.ch\\\/#organization\"},\"potentialAction\":[{\"@type\":\"SearchAction\",\"target\":{\"@type\":\"EntryPoint\",\"urlTemplate\":\"https:\\\/\\\/www.ll-ag.ch\\\/?s={search_term_string}\"},\"query-input\":{\"@type\":\"PropertyValueSpecification\",\"valueRequired\":true,\"valueName\":\"search_term_string\"}}],\"inLanguage\":\"de\"},{\"@type\":\"Organization\",\"@id\":\"https:\\\/\\\/www.ll-ag.ch\\\/#organization\",\"name\":\"Ladenbau und Lagertechnik AG\",\"url\":\"https:\\\/\\\/www.ll-ag.ch\\\/\",\"logo\":{\"@type\":\"ImageObject\",\"inLanguage\":\"de\",\"@id\":\"https:\\\/\\\/www.ll-ag.ch\\\/#\\\/schema\\\/logo\\\/image\\\/\",\"url\":\"https:\\\/\\\/www.ll-ag.ch\\\/webseite\\\/wp-content\\\/uploads\\\/2017\\\/06\\\/logo-favicon.png\",\"contentUrl\":\"https:\\\/\\\/www.ll-ag.ch\\\/webseite\\\/wp-content\\\/uploads\\\/2017\\\/06\\\/logo-favicon.png\",\"width\":468,\"height\":468,\"caption\":\"Ladenbau und Lagertechnik AG\"},\"image\":{\"@id\":\"https:\\\/\\\/www.ll-ag.ch\\\/#\\\/schema\\\/logo\\\/image\\\/\"}},{\"@type\":\"Person\",\"@id\":\"https:\\\/\\\/www.ll-ag.ch\\\/#\\\/schema\\\/person\\\/41c05aefbc9841a3b71ea105d93cb634\",\"name\":\"Ladenbau und Lagertechnik AG\",\"image\":{\"@type\":\"ImageObject\",\"inLanguage\":\"de\",\"@id\":\"https:\\\/\\\/secure.gravatar.com\\\/avatar\\\/b1d03b7e9c679c6c29e9b1429e4f5ccee58ebac024e35b678838c7d613ec10b5?s=96&d=mm&r=g\",\"url\":\"https:\\\/\\\/secure.gravatar.com\\\/avatar\\\/b1d03b7e9c679c6c29e9b1429e4f5ccee58ebac024e35b678838c7d613ec10b5?s=96&d=mm&r=g\",\"contentUrl\":\"https:\\\/\\\/secure.gravatar.com\\\/avatar\\\/b1d03b7e9c679c6c29e9b1429e4f5ccee58ebac024e35b678838c7d613ec10b5?s=96&d=mm&r=g\",\"caption\":\"Ladenbau und Lagertechnik AG\"},\"url\":\"https:\\\/\\\/www.ll-ag.ch\\\/fr\\\/author\\\/llag\\\/\"}]}<\/script>\n<!-- \/ Yoast SEO plugin. -->","yoast_head_json":{"title":"BONNE ANNEE! - Ladenbau und Lagertechnik AG","robots":{"index":"index","follow":"follow","max-snippet":"max-snippet:-1","max-image-preview":"max-image-preview:large","max-video-preview":"max-video-preview:-1"},"canonical":"https:\/\/www.ll-ag.ch\/fr\/bonne-annee\/","og_locale":"fr_FR","og_type":"article","og_title":"BONNE ANNEE! - Ladenbau und Lagertechnik AG","og_description":"Nous vous souhaitons de belles et joyeuses f\u00eates de fin d&#8217;ann\u00e9e et plein de bonheur et de r\u00e9ussite pour 2018.","og_url":"https:\/\/www.ll-ag.ch\/fr\/bonne-annee\/","og_site_name":"Ladenbau und Lagertechnik AG","article_published_time":"2017-12-27T11:53:34+00:00","article_modified_time":"2017-12-27T11:56:00+00:00","og_image":[{"width":1000,"height":750,"url":"https:\/\/www.ll-ag.ch\/webseite\/wp-content\/uploads\/2017\/12\/Happy-New-Year-Images-2018-HD-1-1.jpg","type":"image\/jpeg"}],"author":"Ladenbau und Lagertechnik AG","twitter_card":"summary_large_image","twitter_misc":{"Verfasst von":"Ladenbau und Lagertechnik AG"},"schema":{"@context":"https:\/\/schema.org","@graph":[{"@type":"Article","@id":"https:\/\/www.ll-ag.ch\/fr\/bonne-annee\/#article","isPartOf":{"@id":"https:\/\/www.ll-ag.ch\/fr\/bonne-annee\/"},"author":{"name":"Ladenbau und Lagertechnik AG","@id":"https:\/\/www.ll-ag.ch\/#\/schema\/person\/41c05aefbc9841a3b71ea105d93cb634"},"headline":"BONNE ANNEE!","datePublished":"2017-12-27T11:53:34+00:00","dateModified":"2017-12-27T11:56:00+00:00","mainEntityOfPage":{"@id":"https:\/\/www.ll-ag.ch\/fr\/bonne-annee\/"},"wordCount":24,"publisher":{"@id":"https:\/\/www.ll-ag.ch\/#organization"},"image":{"@id":"https:\/\/www.ll-ag.ch\/fr\/bonne-annee\/#primaryimage"},"thumbnailUrl":"https:\/\/www.ll-ag.ch\/webseite\/wp-content\/uploads\/2017\/12\/Happy-New-Year-Images-2018-HD-1-1.jpg","articleSection":["Entreprise"],"inLanguage":"de"},{"@type":"WebPage","@id":"https:\/\/www.ll-ag.ch\/fr\/bonne-annee\/","url":"https:\/\/www.ll-ag.ch\/fr\/bonne-annee\/","name":"BONNE ANNEE! - Ladenbau und Lagertechnik AG","isPartOf":{"@id":"https:\/\/www.ll-ag.ch\/#website"},"primaryImageOfPage":{"@id":"https:\/\/www.ll-ag.ch\/fr\/bonne-annee\/#primaryimage"},"image":{"@id":"https:\/\/www.ll-ag.ch\/fr\/bonne-annee\/#primaryimage"},"thumbnailUrl":"https:\/\/www.ll-ag.ch\/webseite\/wp-content\/uploads\/2017\/12\/Happy-New-Year-Images-2018-HD-1-1.jpg","datePublished":"2017-12-27T11:53:34+00:00","dateModified":"2017-12-27T11:56:00+00:00","breadcrumb":{"@id":"https:\/\/www.ll-ag.ch\/fr\/bonne-annee\/#breadcrumb"},"inLanguage":"de","potentialAction":[{"@type":"ReadAction","target":["https:\/\/www.ll-ag.ch\/fr\/bonne-annee\/"]}]},{"@type":"ImageObject","inLanguage":"de","@id":"https:\/\/www.ll-ag.ch\/fr\/bonne-annee\/#primaryimage","url":"https:\/\/www.ll-ag.ch\/webseite\/wp-content\/uploads\/2017\/12\/Happy-New-Year-Images-2018-HD-1-1.jpg","contentUrl":"https:\/\/www.ll-ag.ch\/webseite\/wp-content\/uploads\/2017\/12\/Happy-New-Year-Images-2018-HD-1-1.jpg","width":1000,"height":750},{"@type":"BreadcrumbList","@id":"https:\/\/www.ll-ag.ch\/fr\/bonne-annee\/#breadcrumb","itemListElement":[{"@type":"ListItem","position":1,"name":"Startseite","item":"https:\/\/www.ll-ag.ch\/fr\/"},{"@type":"ListItem","position":2,"name":"BONNE ANNEE!"}]},{"@type":"WebSite","@id":"https:\/\/www.ll-ag.ch\/#website","url":"https:\/\/www.ll-ag.ch\/","name":"Ladenbau und Lagertechnik AG","description":"Wir r\u00fccken Ihre Produkte ins richtige Licht","publisher":{"@id":"https:\/\/www.ll-ag.ch\/#organization"},"potentialAction":[{"@type":"SearchAction","target":{"@type":"EntryPoint","urlTemplate":"https:\/\/www.ll-ag.ch\/?s={search_term_string}"},"query-input":{"@type":"PropertyValueSpecification","valueRequired":true,"valueName":"search_term_string"}}],"inLanguage":"de"},{"@type":"Organization","@id":"https:\/\/www.ll-ag.ch\/#organization","name":"Ladenbau und Lagertechnik AG","url":"https:\/\/www.ll-ag.ch\/","logo":{"@type":"ImageObject","inLanguage":"de","@id":"https:\/\/www.ll-ag.ch\/#\/schema\/logo\/image\/","url":"https:\/\/www.ll-ag.ch\/webseite\/wp-content\/uploads\/2017\/06\/logo-favicon.png","contentUrl":"https:\/\/www.ll-ag.ch\/webseite\/wp-content\/uploads\/2017\/06\/logo-favicon.png","width":468,"height":468,"caption":"Ladenbau und Lagertechnik AG"},"image":{"@id":"https:\/\/www.ll-ag.ch\/#\/schema\/logo\/image\/"}},{"@type":"Person","@id":"https:\/\/www.ll-ag.ch\/#\/schema\/person\/41c05aefbc9841a3b71ea105d93cb634","name":"Ladenbau und Lagertechnik AG","image":{"@type":"ImageObject","inLanguage":"de","@id":"https:\/\/secure.gravatar.com\/avatar\/b1d03b7e9c679c6c29e9b1429e4f5ccee58ebac024e35b678838c7d613ec10b5?s=96&d=mm&r=g","url":"https:\/\/secure.gravatar.com\/avatar\/b1d03b7e9c679c6c29e9b1429e4f5ccee58ebac024e35b678838c7d613ec10b5?s=96&d=mm&r=g","contentUrl":"https:\/\/secure.gravatar.com\/avatar\/b1d03b7e9c679c6c29e9b1429e4f5ccee58ebac024e35b678838c7d613ec10b5?s=96&d=mm&r=g","caption":"Ladenbau und Lagertechnik AG"},"url":"https:\/\/www.ll-ag.ch\/fr\/author\/llag\/"}]}},"_links":{"self":[{"href":"https:\/\/www.ll-ag.ch\/fr\/wp-json\/wp\/v2\/posts\/652\/"}],"collection":[{"href":"https:\/\/www.ll-ag.ch\/fr\/wp-json\/wp\/v2\/posts\/"}],"about":[{"href":"https:\/\/www.ll-ag.ch\/fr\/wp-json\/wp\/v2\/types\/post\/"}],"author":[{"embeddable":true,"href":"https:\/\/www.ll-ag.ch\/fr\/wp-json\/wp\/v2\/users\/2\/"}],"replies":[{"embeddable":true,"href":"https:\/\/www.ll-ag.ch\/fr\/wp-json\/wp\/v2\/comments\/?post=652"}],"version-history":[{"count":3,"href":"https:\/\/www.ll-ag.ch\/fr\/wp-json\/wp\/v2\/posts\/652\/revisions\/"}],"predecessor-version":[{"id":663,"href":"https:\/\/www.ll-ag.ch\/fr\/wp-json\/wp\/v2\/posts\/652\/revisions\/663\/"}],"wp:featuredmedia":[{"embeddable":true,"href":"https:\/\/www.ll-ag.ch\/fr\/wp-json\/wp\/v2\/media\/653\/"}],"wp:attachment":[{"href":"https:\/\/www.ll-ag.ch\/fr\/wp-json\/wp\/v2\/media\/?parent=652"}],"wp:term":[{"taxonomy":"category","embeddable":true,"href":"https:\/\/www.ll-ag.ch\/fr\/wp-json\/wp\/v2\/categories\/?post=652"},{"taxonomy":"post_tag","embeddable":true,"href":"https:\/\/www.ll-ag.ch\/fr\/wp-json\/wp\/v2\/tags\/?post=652"}],"curies":[{"name":"wp","href":"https:\/\/api.w.org\/{rel}","templated":true}]}}